{"id":1966,"date":"2025-06-12T22:26:03","date_gmt":"2025-06-12T20:26:03","guid":{"rendered":"http:\/\/colegiodehumanidades.gt\/cph\/?p=1966"},"modified":"2026-03-05T21:43:23","modified_gmt":"2026-03-05T20:43:23","slug":"taller-de-formacion-sede-quiche","status":"publish","type":"post","link":"https:\/\/colegiodehumanidades.gt\/cph\/taller-de-formacion-sede-quiche\/","title":{"rendered":"Taller de formaci\u00f3n &#8211; Sede Quich\u00e9"},"content":{"rendered":"\t\t<div data-elementor-type=\"wp-post\" data-elementor-id=\"1966\" class=\"elementor elementor-1966\">\n\t\t\t\t\t\t<section class=\"elementor-section elementor-top-section elementor-element elementor-element-132a2032 elementor-section-boxed elementor-section-height-default elementor-section-height-default\" data-id=\"132a2032\" data-element_type=\"section\" data-e-type=\"section\">\n\t\t\t\t\t\t<div class=\"elementor-container elementor-column-gap-default\">\n\t\t\t\t\t<div class=\"elementor-column elementor-col-100 elementor-top-column elementor-element elementor-element-b9c79cd\" data-id=\"b9c79cd\" data-element_type=\"column\" data-e-type=\"column\">\n\t\t\t<div class=\"elementor-widget-wrap elementor-element-populated\">\n\t\t\t\t\t\t<div class=\"elementor-element elementor-element-8f72af elementor-widget elementor-widget-text-editor\" data-id=\"8f72af\" data-element_type=\"widget\" data-e-type=\"widget\" data-widget_type=\"text-editor.default\">\n\t\t\t\t<div class=\"elementor-widget-container\">\n\t\t\t\t\t\t\t\t\t\n<p>El d\u00eda de ayer se llev\u00f3 a cabo la capacitaci\u00f3n en la regi\u00f3n noroccidental, teniendo como sede el departamento de Quich\u00e9. <\/p>\n\n\n\n<p>Se cont\u00f3 con la participaci\u00f3n de una alta cantidad de profesionales agremiados.El taller de capacitaci\u00f3n, titulado \u00abAutoconocimiento de capacidades y habilidades para el fortalecimiento de la competencia del liderazgo profesional transformacional\u00bb, fue brindado por el Doctor Claudio Barrientos Pi\u00f1eiro.<\/p>\n\n\n\n<p>Agradecemos la participaci\u00f3n de nuestros profesionales agremiados. <\/p>\n\t\t\t\t\t\t\t\t<\/div>\n\t\t\t\t<\/div>\n\t\t\t\t\t<\/div>\n\t\t<\/div>\n\t\t\t\t\t<\/div>\n\t\t<\/section>\n\t\t\t\t<section class=\"elementor-section elementor-top-section elementor-element elementor-element-8fe0b56 elementor-section-boxed elementor-section-height-default elementor-section-height-default\" data-id=\"8fe0b56\" data-element_type=\"section\" data-e-type=\"section\">\n\t\t\t\t\t\t<div class=\"elementor-container elementor-column-gap-default\">\n\t\t\t\t\t<div class=\"elementor-column elementor-col-100 elementor-top-column elementor-element elementor-element-c049d8d\" data-id=\"c049d8d\" data-element_type=\"column\" data-e-type=\"column\">\n\t\t\t<div class=\"elementor-widget-wrap elementor-element-populated\">\n\t\t\t\t\t\t<div class=\"elementor-element elementor-element-88e6318 elementor-arrows-position-inside elementor-pagination-position-outside elementor-widget elementor-widget-image-carousel\" data-id=\"88e6318\" data-element_type=\"widget\" data-e-type=\"widget\" data-settings=\"{&quot;slides_to_show&quot;:&quot;1&quot;,&quot;navigation&quot;:&quot;both&quot;,&quot;autoplay&quot;:&quot;yes&quot;,&quot;pause_on_hover&quot;:&quot;yes&quot;,&quot;pause_on_interaction&quot;:&quot;yes&quot;,&quot;autoplay_speed&quot;:5000,&quot;infinite&quot;:&quot;yes&quot;,&quot;effect&quot;:&quot;slide&quot;,&quot;speed&quot;:500}\" data-widget_type=\"image-carousel.default\">\n\t\t\t\t<div class=\"elementor-widget-container\">\n\t\t\t\t\t\t\t<div class=\"elementor-image-carousel-wrapper swiper\" role=\"region\" aria-roledescription=\"carousel\" aria-label=\"Carrusel de im\u00e1genes\" dir=\"ltr\">\n\t\t\t<div class=\"elementor-image-carousel swiper-wrapper\" aria-live=\"off\">\n\t\t\t\t\t\t\t\t<div class=\"swiper-slide\" role=\"group\" aria-roledescription=\"slide\" aria-label=\"1 de 3\"><figure class=\"swiper-slide-inner\"><img decoding=\"async\" class=\"swiper-slide-image\" src=\"https:\/\/colegiodehumanidades.gt\/cph\/wp-content\/uploads\/2025\/06\/WhatsApp-Image-2025-06-12-at-1.12.53-PM-1-1024x768.jpeg\" alt=\"WhatsApp Image 2025-06-12 at 1.12.53 PM (1)\" \/><\/figure><\/div><div class=\"swiper-slide\" role=\"group\" aria-roledescription=\"slide\" aria-label=\"2 de 3\"><figure class=\"swiper-slide-inner\"><img decoding=\"async\" class=\"swiper-slide-image\" src=\"https:\/\/colegiodehumanidades.gt\/cph\/wp-content\/uploads\/2025\/06\/WhatsApp-Image-2025-06-12-at-1.12.53-PM-2-1024x768.jpeg\" alt=\"WhatsApp Image 2025-06-12 at 1.12.53 PM (2)\" \/><\/figure><\/div><div class=\"swiper-slide\" role=\"group\" aria-roledescription=\"slide\" aria-label=\"3 de 3\"><figure class=\"swiper-slide-inner\"><img decoding=\"async\" class=\"swiper-slide-image\" src=\"https:\/\/colegiodehumanidades.gt\/cph\/wp-content\/uploads\/2025\/06\/WhatsApp-Image-2025-06-12-at-1.12.53-PM-1024x768.jpeg\" alt=\"WhatsApp Image 2025-06-12 at 1.12.53 PM\" \/><\/figure><\/div>\t\t\t<\/div>\n\t\t\t\t\t\t\t\t\t\t\t\t<div class=\"elementor-swiper-button elementor-swiper-button-prev\" role=\"button\" tabindex=\"0\">\n\t\t\t\t\t\t<i aria-hidden=\"true\" class=\"eicon-chevron-left\"><\/i>\t\t\t\t\t<\/div>\n\t\t\t\t\t<div class=\"elementor-swiper-button elementor-swiper-button-next\" role=\"button\" tabindex=\"0\">\n\t\t\t\t\t\t<i aria-hidden=\"true\" class=\"eicon-chevron-right\"><\/i>\t\t\t\t\t<\/div>\n\t\t\t\t\n\t\t\t\t\t\t\t\t\t<div class=\"swiper-pagination\"><\/div>\n\t\t\t\t\t\t\t\t\t<\/div>\n\t\t\t\t\t\t<\/div>\n\t\t\t\t<\/div>\n\t\t\t\t\t<\/div>\n\t\t<\/div>\n\t\t\t\t\t<\/div>\n\t\t<\/section>\n\t\t\t\t<\/div>\n\t\t","protected":false},"excerpt":{"rendered":"<p>El d\u00eda de ayer se llev\u00f3 a cabo la capacitaci\u00f3n en la regi\u00f3n noroccidental, teniendo como sede el departamento de Quich\u00e9. Se cont\u00f3 con la participaci\u00f3n de una alta cantidad de profesionales agremiados.El taller de capacitaci\u00f3n, titulado \u00abAutoconocimiento de capacidades y habilidades para el fortalecimiento de la competencia del liderazgo profesional transformacional\u00bb, fue brindado por [&hellip;]<\/p>\n","protected":false},"author":2,"featured_media":1967,"comment_status":"closed","ping_status":"closed","sticky":false,"template":"","format":"standard","meta":{"footnotes":""},"categories":[29],"tags":[],"class_list":["post-1966","post","type-post","status-publish","format-standard","has-post-thumbnail","hentry","category-conferencias-regionales"],"_links":{"self":[{"href":"https:\/\/colegiodehumanidades.gt\/cph\/wp-json\/wp\/v2\/posts\/1966","targetHints":{"allow":["GET"]}}],"collection":[{"href":"https:\/\/colegiodehumanidades.gt\/cph\/wp-json\/wp\/v2\/posts"}],"about":[{"href":"https:\/\/colegiodehumanidades.gt\/cph\/wp-json\/wp\/v2\/types\/post"}],"author":[{"embeddable":true,"href":"https:\/\/colegiodehumanidades.gt\/cph\/wp-json\/wp\/v2\/users\/2"}],"replies":[{"embeddable":true,"href":"https:\/\/colegiodehumanidades.gt\/cph\/wp-json\/wp\/v2\/comments?post=1966"}],"version-history":[{"count":3,"href":"https:\/\/colegiodehumanidades.gt\/cph\/wp-json\/wp\/v2\/posts\/1966\/revisions"}],"predecessor-version":[{"id":1973,"href":"https:\/\/colegiodehumanidades.gt\/cph\/wp-json\/wp\/v2\/posts\/1966\/revisions\/1973"}],"wp:featuredmedia":[{"embeddable":true,"href":"https:\/\/colegiodehumanidades.gt\/cph\/wp-json\/wp\/v2\/media\/1967"}],"wp:attachment":[{"href":"https:\/\/colegiodehumanidades.gt\/cph\/wp-json\/wp\/v2\/media?parent=1966"}],"wp:term":[{"taxonomy":"category","embeddable":true,"href":"https:\/\/colegiodehumanidades.gt\/cph\/wp-json\/wp\/v2\/categories?post=1966"},{"taxonomy":"post_tag","embeddable":true,"href":"https:\/\/colegiodehumanidades.gt\/cph\/wp-json\/wp\/v2\/tags?post=1966"}],"curies":[{"name":"wp","href":"https:\/\/api.w.org\/{rel}","templated":true}]}}