{"id":2431,"date":"2026-01-29T20:12:13","date_gmt":"2026-01-29T19:12:13","guid":{"rendered":"http:\/\/colegiodehumanidades.gt\/cph\/?p=2431"},"modified":"2026-03-05T21:33:08","modified_gmt":"2026-03-05T20:33:08","slug":"convocatoria-asamblea-general-extraordinaria-eleccion-de-representantes-ante-el-cuerpo-electoral-usac-periodo-2026-2030","status":"publish","type":"post","link":"https:\/\/colegiodehumanidades.gt\/cph\/convocatoria-asamblea-general-extraordinaria-eleccion-de-representantes-ante-el-cuerpo-electoral-usac-periodo-2026-2030\/","title":{"rendered":"Elecci\u00f3n de cinco profesionales colegiados activos, no catedr\u00e1ticos miembros del Colegio Profesional de Humanidades, quienes integrar\u00e1n el cuerpo electoral encargado de elegir al Rector de la Universidad de San Carlos de Guatemala."},"content":{"rendered":"\t\t<div data-elementor-type=\"wp-post\" data-elementor-id=\"2431\" class=\"elementor elementor-2431\">\n\t\t\t\t\t\t<section class=\"elementor-section elementor-top-section elementor-element elementor-element-342e5112 elementor-section-boxed elementor-section-height-default elementor-section-height-default\" data-id=\"342e5112\" data-element_type=\"section\" data-e-type=\"section\">\n\t\t\t\t\t\t<div class=\"elementor-container elementor-column-gap-default\">\n\t\t\t\t\t<div class=\"elementor-column elementor-col-100 elementor-top-column elementor-element elementor-element-72bd4343\" data-id=\"72bd4343\" data-element_type=\"column\" data-e-type=\"column\">\n\t\t\t<div class=\"elementor-widget-wrap elementor-element-populated\">\n\t\t\t\t\t\t<div class=\"elementor-element elementor-element-54d89665 elementor-widget elementor-widget-text-editor\" data-id=\"54d89665\" data-element_type=\"widget\" data-e-type=\"widget\" data-widget_type=\"text-editor.default\">\n\t\t\t\t<div class=\"elementor-widget-container\">\n\t\t\t\t\t\t\t\t\t\n<p>El Tribunal Electoral y la Junta Directiva del <strong>Colegio Profesional de Humanidades de Guatemala<\/strong> convocan a <strong>todos los colegiados activos, graduados e incorporados de la Universidad de San Carlos de Guatemala<\/strong>, a participar en la <strong>Asamblea General Extraordinaria<\/strong>, cuyo objeto es realizar el <strong>acto electoral para la elecci\u00f3n de cinco (5) profesionales activos no catedr\u00e1ticos<\/strong>, quienes integrar\u00e1n el <strong>Cuerpo Electoral encargado de elegir al Rector de la Universidad de San Carlos de Guatemala<\/strong>, para el per\u00edodo <strong>2026\u20132030<\/strong>.<\/p>\n\n\n\n<p><strong>Fecha:<\/strong> 2 de marzo de 2026<br>\n<strong>Horario:<\/strong> de 08:00 a 18:00 horas<br>\n<strong>Modalidad:<\/strong> voto personal, secreto y sin representaciones<\/p>\n\n\n\n<p>La Asamblea se desarrollar\u00e1 en las <strong>sedes habilitadas a nivel nacional<\/strong>, las cuales se detallan en la convocatoria oficial.<\/p>\n\n\n\n<p>Para <strong>elegir y ser electos<\/strong>, los participantes deber\u00e1n contar con la <strong>calidad de colegiado activo<\/strong>, cumplir con los requisitos establecidos y presentar la documentaci\u00f3n correspondiente dentro de los plazos indicados. La <strong>recepci\u00f3n de expedientes para la inscripci\u00f3n de planillas<\/strong> se realizar\u00e1 en la sede del Colegio Profesional de Humanidades de Guatemala, conforme a lo establecido en la convocatoria.<\/p>\n\n\n\n<p>Se informa que <strong>\u00fanicamente podr\u00e1n votar los colegiados activos que se encuentren solventes<\/strong>, de acuerdo con el padr\u00f3n electoral habilitado para este proceso.<\/p>\n\n\n\n<p>La <strong>convocatoria completa<\/strong> puede consultarse en esta p\u00e1gina web, as\u00ed como en los medios de publicaci\u00f3n oficial <strong>Diario de Centroam\u00e9rica<\/strong> y <strong>Prensa Libre<\/strong>.<\/p>\n\n\n\n<p>Guatemala, enero de 2026.<\/p>\n\t\t\t\t\t\t\t\t<\/div>\n\t\t\t\t<\/div>\n\t\t\t\t\t<\/div>\n\t\t<\/div>\n\t\t\t\t\t<\/div>\n\t\t<\/section>\n\t\t\t\t<\/div>\n\t\t","protected":false},"excerpt":{"rendered":"<p>El Tribunal Electoral y la Junta Directiva del Colegio Profesional de Humanidades de Guatemala convocan a todos los colegiados activos, graduados e incorporados de la Universidad de San Carlos de Guatemala, a participar en la Asamblea General Extraordinaria, cuyo objeto es realizar el acto electoral para la elecci\u00f3n de cinco (5) profesionales activos no catedr\u00e1ticos, [&hellip;]<\/p>\n","protected":false},"author":2,"featured_media":2432,"comment_status":"closed","ping_status":"closed","sticky":true,"template":"","format":"standard","meta":{"footnotes":""},"categories":[8],"tags":[],"class_list":["post-2431","post","type-post","status-publish","format-standard","has-post-thumbnail","hentry","category-convocatorias"],"_links":{"self":[{"href":"https:\/\/colegiodehumanidades.gt\/cph\/wp-json\/wp\/v2\/posts\/2431","targetHints":{"allow":["GET"]}}],"collection":[{"href":"https:\/\/colegiodehumanidades.gt\/cph\/wp-json\/wp\/v2\/posts"}],"about":[{"href":"https:\/\/colegiodehumanidades.gt\/cph\/wp-json\/wp\/v2\/types\/post"}],"author":[{"embeddable":true,"href":"https:\/\/colegiodehumanidades.gt\/cph\/wp-json\/wp\/v2\/users\/2"}],"replies":[{"embeddable":true,"href":"https:\/\/colegiodehumanidades.gt\/cph\/wp-json\/wp\/v2\/comments?post=2431"}],"version-history":[{"count":9,"href":"https:\/\/colegiodehumanidades.gt\/cph\/wp-json\/wp\/v2\/posts\/2431\/revisions"}],"predecessor-version":[{"id":2441,"href":"https:\/\/colegiodehumanidades.gt\/cph\/wp-json\/wp\/v2\/posts\/2431\/revisions\/2441"}],"wp:featuredmedia":[{"embeddable":true,"href":"https:\/\/colegiodehumanidades.gt\/cph\/wp-json\/wp\/v2\/media\/2432"}],"wp:attachment":[{"href":"https:\/\/colegiodehumanidades.gt\/cph\/wp-json\/wp\/v2\/media?parent=2431"}],"wp:term":[{"taxonomy":"category","embeddable":true,"href":"https:\/\/colegiodehumanidades.gt\/cph\/wp-json\/wp\/v2\/categories?post=2431"},{"taxonomy":"post_tag","embeddable":true,"href":"https:\/\/colegiodehumanidades.gt\/cph\/wp-json\/wp\/v2\/tags?post=2431"}],"curies":[{"name":"wp","href":"https:\/\/api.w.org\/{rel}","templated":true}]}}