{"id":2442,"date":"2026-01-31T15:09:34","date_gmt":"2026-01-31T14:09:34","guid":{"rendered":"http:\/\/colegiodehumanidades.gt\/cph\/?p=2442"},"modified":"2026-01-31T15:09:34","modified_gmt":"2026-01-31T14:09:34","slug":"350-aniversario-de-la-universidad-de-san-carlos-de-guatemala","status":"publish","type":"post","link":"https:\/\/colegiodehumanidades.gt\/cph\/350-aniversario-de-la-universidad-de-san-carlos-de-guatemala\/","title":{"rendered":"350 Aniversario de la Universidad de San Carlos de Guatemala"},"content":{"rendered":"\n<p>El Colegio Profesional de Humanidades de Guatemala felicita a la Universidad de San Carlos de Guatemala en la conmemoraci\u00f3n de su 350 aniversario, reconociendo su invaluable aporte a la educaci\u00f3n superior, la formaci\u00f3n profesional y el desarrollo del pa\u00eds.Celebramos su legado hist\u00f3rico, su compromiso con la sociedad y su continua labor en la construcci\u00f3n de un mejor futuro para Guatemala.<\/p>\n\n\n\n<p>31 de enero de 2026<\/p>\n","protected":false},"excerpt":{"rendered":"<p>El Colegio Profesional de Humanidades de Guatemala felicita a la Universidad de San Carlos de Guatemala en la conmemoraci\u00f3n de su 350 aniversario, reconociendo su invaluable aporte a la educaci\u00f3n superior, la formaci\u00f3n profesional y el desarrollo del pa\u00eds.Celebramos su legado hist\u00f3rico, su compromiso con la sociedad y su continua labor en la construcci\u00f3n de [&hellip;]<\/p>\n","protected":false},"author":2,"featured_media":2443,"comment_status":"closed","ping_status":"closed","sticky":true,"template":"","format":"standard","meta":{"footnotes":""},"categories":[15],"tags":[],"class_list":["post-2442","post","type-post","status-publish","format-standard","has-post-thumbnail","hentry","category-conmemoraciones"],"_links":{"self":[{"href":"https:\/\/colegiodehumanidades.gt\/cph\/wp-json\/wp\/v2\/posts\/2442","targetHints":{"allow":["GET"]}}],"collection":[{"href":"https:\/\/colegiodehumanidades.gt\/cph\/wp-json\/wp\/v2\/posts"}],"about":[{"href":"https:\/\/colegiodehumanidades.gt\/cph\/wp-json\/wp\/v2\/types\/post"}],"author":[{"embeddable":true,"href":"https:\/\/colegiodehumanidades.gt\/cph\/wp-json\/wp\/v2\/users\/2"}],"replies":[{"embeddable":true,"href":"https:\/\/colegiodehumanidades.gt\/cph\/wp-json\/wp\/v2\/comments?post=2442"}],"version-history":[{"count":1,"href":"https:\/\/colegiodehumanidades.gt\/cph\/wp-json\/wp\/v2\/posts\/2442\/revisions"}],"predecessor-version":[{"id":2444,"href":"https:\/\/colegiodehumanidades.gt\/cph\/wp-json\/wp\/v2\/posts\/2442\/revisions\/2444"}],"wp:featuredmedia":[{"embeddable":true,"href":"https:\/\/colegiodehumanidades.gt\/cph\/wp-json\/wp\/v2\/media\/2443"}],"wp:attachment":[{"href":"https:\/\/colegiodehumanidades.gt\/cph\/wp-json\/wp\/v2\/media?parent=2442"}],"wp:term":[{"taxonomy":"category","embeddable":true,"href":"https:\/\/colegiodehumanidades.gt\/cph\/wp-json\/wp\/v2\/categories?post=2442"},{"taxonomy":"post_tag","embeddable":true,"href":"https:\/\/colegiodehumanidades.gt\/cph\/wp-json\/wp\/v2\/tags?post=2442"}],"curies":[{"name":"wp","href":"https:\/\/api.w.org\/{rel}","templated":true}]}}