{"id":2596,"date":"2026-04-30T16:00:04","date_gmt":"2026-04-30T22:00:04","guid":{"rendered":"https:\/\/colegiodehumanidades.gt\/cph\/?p=2596"},"modified":"2026-04-30T16:08:14","modified_gmt":"2026-04-30T22:08:14","slug":"taller-realizado-lectura-liderazgo-humanista-e-inteligencia-artificial","status":"publish","type":"post","link":"https:\/\/colegiodehumanidades.gt\/cph\/taller-realizado-lectura-liderazgo-humanista-e-inteligencia-artificial\/","title":{"rendered":"Taller realizado: Lectura, Liderazgo Humanista e Inteligencia Artificial"},"content":{"rendered":"\t\t<div data-elementor-type=\"wp-post\" data-elementor-id=\"2596\" class=\"elementor elementor-2596\">\n\t\t\t\t\t\t<section class=\"elementor-section elementor-top-section elementor-element elementor-element-53187ea elementor-section-boxed elementor-section-height-default elementor-section-height-default\" data-id=\"53187ea\" data-element_type=\"section\" data-e-type=\"section\">\n\t\t\t\t\t\t<div class=\"elementor-container elementor-column-gap-default\">\n\t\t\t\t\t<div class=\"elementor-column elementor-col-100 elementor-top-column elementor-element elementor-element-b3714b0\" data-id=\"b3714b0\" data-element_type=\"column\" data-e-type=\"column\">\n\t\t\t<div class=\"elementor-widget-wrap elementor-element-populated\">\n\t\t\t\t\t\t<div class=\"elementor-element elementor-element-3cf25be elementor-widget elementor-widget-text-editor\" data-id=\"3cf25be\" data-element_type=\"widget\" data-e-type=\"widget\" data-widget_type=\"text-editor.default\">\n\t\t\t\t<div class=\"elementor-widget-container\">\n\t\t\t\t\t\t\t\t\t<p data-start=\"192\" data-end=\"466\">El pasado <strong data-start=\"202\" data-end=\"225\">29 de abril de 2026<\/strong>, el Colegio Profesional de Humanidades de Guatemala llev\u00f3 a cabo con \u00e9xito el taller presencial <strong data-start=\"322\" data-end=\"437\">\u201cLectura, Liderazgo Humanista e Inteligencia Artificial: herramientas para transformar la pr\u00e1ctica profesional\u201d<\/strong>, en el Hotel Tikal Futura.<\/p>\n<p data-start=\"468\" data-end=\"736\">Durante la jornada, los profesionales participantes fortalecieron sus conocimientos y reflexionaron sobre la importancia de integrar la lectura, el liderazgo con enfoque humanista y el uso responsable de la inteligencia artificial en el ejercicio profesional actual.<\/p>\n<p data-start=\"738\" data-end=\"950\">Agradecemos la participaci\u00f3n de todos los agremiados que formaron parte de esta actividad acad\u00e9mica, reafirmando as\u00ed el compromiso del Colegio con la actualizaci\u00f3n y el desarrollo continuo de sus profesionales.<\/p>\t\t\t\t\t\t\t\t<\/div>\n\t\t\t\t<\/div>\n\t\t\t\t<div class=\"elementor-element elementor-element-4b1f493 elementor-arrows-position-inside elementor-pagination-position-outside elementor-widget elementor-widget-image-carousel\" data-id=\"4b1f493\" data-element_type=\"widget\" data-e-type=\"widget\" data-settings=\"{&quot;slides_to_show&quot;:&quot;1&quot;,&quot;navigation&quot;:&quot;both&quot;,&quot;autoplay&quot;:&quot;yes&quot;,&quot;pause_on_hover&quot;:&quot;yes&quot;,&quot;pause_on_interaction&quot;:&quot;yes&quot;,&quot;autoplay_speed&quot;:5000,&quot;infinite&quot;:&quot;yes&quot;,&quot;effect&quot;:&quot;slide&quot;,&quot;speed&quot;:500}\" data-widget_type=\"image-carousel.default\">\n\t\t\t\t<div class=\"elementor-widget-container\">\n\t\t\t\t\t\t\t<div class=\"elementor-image-carousel-wrapper swiper\" role=\"region\" aria-roledescription=\"carousel\" aria-label=\"Carrusel de im\u00e1genes\" dir=\"ltr\">\n\t\t\t<div class=\"elementor-image-carousel swiper-wrapper\" aria-live=\"off\">\n\t\t\t\t\t\t\t\t<div class=\"swiper-slide\" role=\"group\" aria-roledescription=\"slide\" aria-label=\"1 de 16\"><figure class=\"swiper-slide-inner\"><img decoding=\"async\" class=\"swiper-slide-image\" src=\"https:\/\/colegiodehumanidades.gt\/cph\/wp-content\/uploads\/2026\/04\/FER_9794-1536x1024.jpg\" alt=\"FER_9794\" \/><\/figure><\/div><div class=\"swiper-slide\" role=\"group\" aria-roledescription=\"slide\" aria-label=\"2 de 16\"><figure class=\"swiper-slide-inner\"><img decoding=\"async\" class=\"swiper-slide-image\" src=\"https:\/\/colegiodehumanidades.gt\/cph\/wp-content\/uploads\/2026\/04\/FER_9796-1536x1024.jpg\" alt=\"FER_9796\" \/><\/figure><\/div><div class=\"swiper-slide\" role=\"group\" aria-roledescription=\"slide\" aria-label=\"3 de 16\"><figure class=\"swiper-slide-inner\"><img decoding=\"async\" class=\"swiper-slide-image\" src=\"https:\/\/colegiodehumanidades.gt\/cph\/wp-content\/uploads\/2026\/04\/FER_9801-1536x1024.jpg\" alt=\"FER_9801\" \/><\/figure><\/div><div class=\"swiper-slide\" role=\"group\" aria-roledescription=\"slide\" aria-label=\"4 de 16\"><figure class=\"swiper-slide-inner\"><img decoding=\"async\" class=\"swiper-slide-image\" src=\"https:\/\/colegiodehumanidades.gt\/cph\/wp-content\/uploads\/2026\/04\/FER_9803-1536x1024.jpg\" alt=\"FER_9803\" \/><\/figure><\/div><div class=\"swiper-slide\" role=\"group\" aria-roledescription=\"slide\" aria-label=\"5 de 16\"><figure class=\"swiper-slide-inner\"><img decoding=\"async\" class=\"swiper-slide-image\" src=\"https:\/\/colegiodehumanidades.gt\/cph\/wp-content\/uploads\/2026\/04\/FER_9806-1536x1024.jpg\" alt=\"FER_9806\" \/><\/figure><\/div><div class=\"swiper-slide\" role=\"group\" aria-roledescription=\"slide\" aria-label=\"6 de 16\"><figure class=\"swiper-slide-inner\"><img decoding=\"async\" class=\"swiper-slide-image\" src=\"https:\/\/colegiodehumanidades.gt\/cph\/wp-content\/uploads\/2026\/04\/FER_9807-1536x1024.jpg\" alt=\"FER_9807\" \/><\/figure><\/div><div class=\"swiper-slide\" role=\"group\" aria-roledescription=\"slide\" aria-label=\"7 de 16\"><figure class=\"swiper-slide-inner\"><img decoding=\"async\" class=\"swiper-slide-image\" src=\"https:\/\/colegiodehumanidades.gt\/cph\/wp-content\/uploads\/2026\/04\/FER_9808-1536x1024.jpg\" alt=\"FER_9808\" \/><\/figure><\/div><div class=\"swiper-slide\" role=\"group\" aria-roledescription=\"slide\" aria-label=\"8 de 16\"><figure class=\"swiper-slide-inner\"><img decoding=\"async\" class=\"swiper-slide-image\" src=\"https:\/\/colegiodehumanidades.gt\/cph\/wp-content\/uploads\/2026\/04\/FER_9810-1536x1024.jpg\" alt=\"FER_9810\" \/><\/figure><\/div><div class=\"swiper-slide\" role=\"group\" aria-roledescription=\"slide\" aria-label=\"9 de 16\"><figure class=\"swiper-slide-inner\"><img decoding=\"async\" class=\"swiper-slide-image\" src=\"https:\/\/colegiodehumanidades.gt\/cph\/wp-content\/uploads\/2026\/04\/FER_9815-1536x1024.jpg\" alt=\"FER_9815\" \/><\/figure><\/div><div class=\"swiper-slide\" role=\"group\" aria-roledescription=\"slide\" aria-label=\"10 de 16\"><figure class=\"swiper-slide-inner\"><img decoding=\"async\" class=\"swiper-slide-image\" src=\"https:\/\/colegiodehumanidades.gt\/cph\/wp-content\/uploads\/2026\/04\/FER_9824-1536x1024.jpg\" alt=\"FER_9824\" \/><\/figure><\/div><div class=\"swiper-slide\" role=\"group\" aria-roledescription=\"slide\" aria-label=\"11 de 16\"><figure class=\"swiper-slide-inner\"><img decoding=\"async\" class=\"swiper-slide-image\" src=\"https:\/\/colegiodehumanidades.gt\/cph\/wp-content\/uploads\/2026\/04\/FER_9826-1536x1024.jpg\" alt=\"FER_9826\" \/><\/figure><\/div><div class=\"swiper-slide\" role=\"group\" aria-roledescription=\"slide\" aria-label=\"12 de 16\"><figure class=\"swiper-slide-inner\"><img decoding=\"async\" class=\"swiper-slide-image\" src=\"https:\/\/colegiodehumanidades.gt\/cph\/wp-content\/uploads\/2026\/04\/FER_9831-1536x1024.jpg\" alt=\"FER_9831\" \/><\/figure><\/div><div class=\"swiper-slide\" role=\"group\" aria-roledescription=\"slide\" aria-label=\"13 de 16\"><figure class=\"swiper-slide-inner\"><img decoding=\"async\" class=\"swiper-slide-image\" src=\"https:\/\/colegiodehumanidades.gt\/cph\/wp-content\/uploads\/2026\/04\/FER_9833-1536x1024.jpg\" alt=\"FER_9833\" \/><\/figure><\/div><div class=\"swiper-slide\" role=\"group\" aria-roledescription=\"slide\" aria-label=\"14 de 16\"><figure class=\"swiper-slide-inner\"><img decoding=\"async\" class=\"swiper-slide-image\" src=\"https:\/\/colegiodehumanidades.gt\/cph\/wp-content\/uploads\/2026\/04\/FER_9841-1536x1024.jpg\" alt=\"FER_9841\" \/><\/figure><\/div><div class=\"swiper-slide\" role=\"group\" aria-roledescription=\"slide\" aria-label=\"15 de 16\"><figure class=\"swiper-slide-inner\"><img decoding=\"async\" class=\"swiper-slide-image\" src=\"https:\/\/colegiodehumanidades.gt\/cph\/wp-content\/uploads\/2026\/04\/FER_9843-1536x1024.jpg\" alt=\"FER_9843\" \/><\/figure><\/div><div class=\"swiper-slide\" role=\"group\" aria-roledescription=\"slide\" aria-label=\"16 de 16\"><figure class=\"swiper-slide-inner\"><img decoding=\"async\" class=\"swiper-slide-image\" src=\"https:\/\/colegiodehumanidades.gt\/cph\/wp-content\/uploads\/2026\/04\/FER_9851-1-1536x1024.jpg\" alt=\"FER_9851\" \/><\/figure><\/div>\t\t\t<\/div>\n\t\t\t\t\t\t\t\t\t\t\t\t<div class=\"elementor-swiper-button elementor-swiper-button-prev\" role=\"button\" tabindex=\"0\">\n\t\t\t\t\t\t<i aria-hidden=\"true\" class=\"eicon-chevron-left\"><\/i>\t\t\t\t\t<\/div>\n\t\t\t\t\t<div class=\"elementor-swiper-button elementor-swiper-button-next\" role=\"button\" tabindex=\"0\">\n\t\t\t\t\t\t<i aria-hidden=\"true\" class=\"eicon-chevron-right\"><\/i>\t\t\t\t\t<\/div>\n\t\t\t\t\n\t\t\t\t\t\t\t\t\t<div class=\"swiper-pagination\"><\/div>\n\t\t\t\t\t\t\t\t\t<\/div>\n\t\t\t\t\t\t<\/div>\n\t\t\t\t<\/div>\n\t\t\t\t\t<\/div>\n\t\t<\/div>\n\t\t\t\t\t<\/div>\n\t\t<\/section>\n\t\t\t\t<\/div>\n\t\t","protected":false},"excerpt":{"rendered":"<p>El pasado 29 de abril de 2026, el Colegio Profesional de Humanidades de Guatemala llev\u00f3 a cabo con \u00e9xito el taller presencial \u201cLectura, Liderazgo Humanista e Inteligencia Artificial: herramientas para transformar la pr\u00e1ctica profesional\u201d, en el Hotel Tikal Futura.<\/p>\n<p>Durante la jornada, los profesionales participantes fortalecieron sus conocimientos y reflexionaron sobre la importancia de integrar la lectura, el liderazgo con enfoque humanista y el uso responsable de la inteligencia artificial en el ejercicio profesional actual.<\/p>\n<p>Agradecemos la participaci\u00f3n de todos los agremiados que formaron parte de esta actividad acad\u00e9mica, reafirmando as\u00ed el compromiso del Colegio con la actualizaci\u00f3n y el desarrollo continuo de sus profesionales.<\/p>\n","protected":false},"author":2,"featured_media":2598,"comment_status":"open","ping_status":"open","sticky":false,"template":"","format":"standard","meta":{"footnotes":""},"categories":[23],"tags":[],"class_list":["post-2596","post","type-post","status-publish","format-standard","has-post-thumbnail","hentry","category-talleres"],"_links":{"self":[{"href":"https:\/\/colegiodehumanidades.gt\/cph\/wp-json\/wp\/v2\/posts\/2596","targetHints":{"allow":["GET"]}}],"collection":[{"href":"https:\/\/colegiodehumanidades.gt\/cph\/wp-json\/wp\/v2\/posts"}],"about":[{"href":"https:\/\/colegiodehumanidades.gt\/cph\/wp-json\/wp\/v2\/types\/post"}],"author":[{"embeddable":true,"href":"https:\/\/colegiodehumanidades.gt\/cph\/wp-json\/wp\/v2\/users\/2"}],"replies":[{"embeddable":true,"href":"https:\/\/colegiodehumanidades.gt\/cph\/wp-json\/wp\/v2\/comments?post=2596"}],"version-history":[{"count":8,"href":"https:\/\/colegiodehumanidades.gt\/cph\/wp-json\/wp\/v2\/posts\/2596\/revisions"}],"predecessor-version":[{"id":2621,"href":"https:\/\/colegiodehumanidades.gt\/cph\/wp-json\/wp\/v2\/posts\/2596\/revisions\/2621"}],"wp:featuredmedia":[{"embeddable":true,"href":"https:\/\/colegiodehumanidades.gt\/cph\/wp-json\/wp\/v2\/media\/2598"}],"wp:attachment":[{"href":"https:\/\/colegiodehumanidades.gt\/cph\/wp-json\/wp\/v2\/media?parent=2596"}],"wp:term":[{"taxonomy":"category","embeddable":true,"href":"https:\/\/colegiodehumanidades.gt\/cph\/wp-json\/wp\/v2\/categories?post=2596"},{"taxonomy":"post_tag","embeddable":true,"href":"https:\/\/colegiodehumanidades.gt\/cph\/wp-json\/wp\/v2\/tags?post=2596"}],"curies":[{"name":"wp","href":"https:\/\/api.w.org\/{rel}","templated":true}]}}