{"id":2878,"date":"2026-09-04T11:46:25","date_gmt":"2026-09-04T17:46:25","guid":{"rendered":"https:\/\/colegiodehumanidades.gt\/cph\/?p=2878"},"modified":"2026-09-04T11:46:25","modified_gmt":"2026-09-04T17:46:25","slug":"capacitacion-presencial-la-mejora-educativa-como-compromiso-compartido","status":"publish","type":"post","link":"https:\/\/colegiodehumanidades.gt\/cph\/capacitacion-presencial-la-mejora-educativa-como-compromiso-compartido\/","title":{"rendered":"Capacitaci\u00f3n presencial: \u201cLa mejora educativa como compromiso compartido\u201d"},"content":{"rendered":"\n<p>En el marco de la conmemoraci\u00f3n del <strong>D\u00eda del Profesional Humanista Educador<\/strong>, el Colegio Profesional de Humanidades de Guatemala invita a participar a los profesionales humanistas educadores en la capacitaci\u00f3n presencial <strong>\u201cLa mejora educativa como compromiso compartido: colaboraci\u00f3n y participaci\u00f3n del profesional humanista educador\u201d<\/strong>.<\/p>\n\n\n\n<p>La actividad estar\u00e1 a cargo del <strong>Dr. Joaqu\u00edn Gair\u00edn<\/strong>, y est\u00e1 dirigida especialmente a profesionales humanistas educadores.<\/p>\n\n\n\n<p><strong>Fecha:<\/strong> 16 de septiembre de 2026<br><strong>Hora:<\/strong> 16:00 horas<br><strong>Modalidad:<\/strong> Presencial<br><strong>Inscripci\u00f3n previa obligatoria en el siguiente enlace:<\/strong> <a href=\"https:\/\/forms.gle\/xQ1wsSG68KiiPe6B7\">https:\/\/forms.gle\/xQ1wsSG68KiiPe6B7<\/a><\/p>\n","protected":false},"excerpt":{"rendered":"<p>En el marco de la conmemoraci\u00f3n del D\u00eda del Profesional Humanista Educador, el Colegio Profesional de Humanidades de Guatemala invita a participar a los profesionales humanistas educadores en la capacitaci\u00f3n presencial \u201cLa mejora educativa como compromiso compartido: colaboraci\u00f3n y participaci\u00f3n del profesional humanista educador\u201d. La actividad estar\u00e1 a cargo del Dr. Joaqu\u00edn Gair\u00edn, y est\u00e1 [&hellip;]<\/p>\n","protected":false},"author":2,"featured_media":2879,"comment_status":"open","ping_status":"open","sticky":false,"template":"","format":"standard","meta":{"footnotes":""},"categories":[23],"tags":[],"class_list":["post-2878","post","type-post","status-publish","format-standard","has-post-thumbnail","hentry","category-talleres"],"_links":{"self":[{"href":"https:\/\/colegiodehumanidades.gt\/cph\/wp-json\/wp\/v2\/posts\/2878","targetHints":{"allow":["GET"]}}],"collection":[{"href":"https:\/\/colegiodehumanidades.gt\/cph\/wp-json\/wp\/v2\/posts"}],"about":[{"href":"https:\/\/colegiodehumanidades.gt\/cph\/wp-json\/wp\/v2\/types\/post"}],"author":[{"embeddable":true,"href":"https:\/\/colegiodehumanidades.gt\/cph\/wp-json\/wp\/v2\/users\/2"}],"replies":[{"embeddable":true,"href":"https:\/\/colegiodehumanidades.gt\/cph\/wp-json\/wp\/v2\/comments?post=2878"}],"version-history":[{"count":1,"href":"https:\/\/colegiodehumanidades.gt\/cph\/wp-json\/wp\/v2\/posts\/2878\/revisions"}],"predecessor-version":[{"id":2880,"href":"https:\/\/colegiodehumanidades.gt\/cph\/wp-json\/wp\/v2\/posts\/2878\/revisions\/2880"}],"wp:featuredmedia":[{"embeddable":true,"href":"https:\/\/colegiodehumanidades.gt\/cph\/wp-json\/wp\/v2\/media\/2879"}],"wp:attachment":[{"href":"https:\/\/colegiodehumanidades.gt\/cph\/wp-json\/wp\/v2\/media?parent=2878"}],"wp:term":[{"taxonomy":"category","embeddable":true,"href":"https:\/\/colegiodehumanidades.gt\/cph\/wp-json\/wp\/v2\/categories?post=2878"},{"taxonomy":"post_tag","embeddable":true,"href":"https:\/\/colegiodehumanidades.gt\/cph\/wp-json\/wp\/v2\/tags?post=2878"}],"curies":[{"name":"wp","href":"https:\/\/api.w.org\/{rel}","templated":true}]}}